{"id":132,"date":"2016-08-05T04:23:58","date_gmt":"2016-08-05T09:23:58","guid":{"rendered":"http:\/\/blogs.uml.edu\/cadiz-spain-2016\/?p=132"},"modified":"2016-08-05T04:23:58","modified_gmt":"2016-08-05T09:23:58","slug":"beauty-within","status":"publish","type":"post","link":"https:\/\/blogs.uml.edu\/cadiz-spain-2016\/2016\/08\/05\/beauty-within\/","title":{"rendered":"Beauty Within"},"content":{"rendered":"<p>As my six weeks in C\u00e1diz are coming to a close today, I cannot be more grateful for the wonderful experience I have had. Each city that we have lived and traveled to Spain has come with its own beauty. Up to this point, I have had the privilege to visit C\u00e1diz, Sevilla, Rota, Jerez al Frontera, Baelo Claudia, Tarifa, Granada, and El Puerto de Santa Maria. Out of all, I definitely have a soft spot for C\u00e1diz as this is where I have lived for the past month and a half.<\/p>\n<p>Yesterday, we had our final \u201cHasta Luego\u201d celebration at the University of C\u00e1diz, where we shared Jam\u00f3n Serrano, La Ina wine, and laughter-filled conversation. It was incredible to watch how delicately the jam\u00f3n serrano, or thigh of the pig, was cut into thin slices or small pieces, and even more so how easy it was to eat! The jam\u00f3n serrano almost melted in my mouth with each bite; I did not know ham could taste so good. Next, was the sherry wine (appearing as white wine) called La Ina. A wine barrel was raised on a stand with a hole at the top, where a woman looking like she was ready to dance flamenco used her years of experience to use an elongated tube-like ladle to scoop the wine out of the barrel and flawlessly pour the wine into the glass at such a great distance! I attempted to pour the wine just the same and could not seem to manage it; that takes a lot of skill! I am so happy to have been a part of such a respected Spanish tradition.<\/p>\n<p>I have enjoyed my time in C\u00e1diz and appreciate all of those who helped make this experience that much better. I would like to shout out to Maria\u00a0and Patricia for constantly ensuring we had a safe and enjoyable experience. Their knowledge and experience in each subject\u00a0and part\u00a0of Spain was complimented by their great sense of humor. I would also like to thank my two professors, Alberto and In\u00e9s, who helped me create a strong foundation and structure of the Spanish language through activities that cater to my learning ability and laughter to break any anxiety. I am proud to wear a scarf of the f\u00fatbolistas with the colors of C\u00e1diz. I have learned so much from such a small town in just a few weeks and I cannot thank UMass Lowell enough for this opportunity!<\/p>\n<div id=\"attachment_133\" style=\"width: 179px\" class=\"wp-caption alignnone\"><img aria-describedby=\"caption-attachment-133\" loading=\"lazy\" class=\"size-medium wp-image-133\" src=\"http:\/\/blogs.uml.edu\/cadiz-spain-2016\/wp-content\/uploads\/sites\/59\/2016\/08\/Cadiz7-169x300.jpg\" alt=\"Brigadas Amarillas\" width=\"169\" height=\"300\" srcset=\"https:\/\/blogs.uml.edu\/cadiz-spain-2016\/wp-content\/uploads\/sites\/59\/2016\/08\/Cadiz7-169x300.jpg 169w, https:\/\/blogs.uml.edu\/cadiz-spain-2016\/wp-content\/uploads\/sites\/59\/2016\/08\/Cadiz7-576x1024.jpg 576w, https:\/\/blogs.uml.edu\/cadiz-spain-2016\/wp-content\/uploads\/sites\/59\/2016\/08\/Cadiz7.jpg 750w\" sizes=\"(max-width: 169px) 100vw, 169px\" \/><p id=\"caption-attachment-133\" class=\"wp-caption-text\">Brigadas Amarillas<\/p><\/div>\n<div id=\"attachment_134\" style=\"width: 251px\" class=\"wp-caption alignnone\"><img aria-describedby=\"caption-attachment-134\" loading=\"lazy\" class=\"size-medium wp-image-134\" src=\"http:\/\/blogs.uml.edu\/cadiz-spain-2016\/wp-content\/uploads\/sites\/59\/2016\/08\/Cadiz8-241x300.jpeg\" alt=\"Experta con La Ina\" width=\"241\" height=\"300\" srcset=\"https:\/\/blogs.uml.edu\/cadiz-spain-2016\/wp-content\/uploads\/sites\/59\/2016\/08\/Cadiz8-241x300.jpeg 241w, https:\/\/blogs.uml.edu\/cadiz-spain-2016\/wp-content\/uploads\/sites\/59\/2016\/08\/Cadiz8.jpeg 750w\" sizes=\"(max-width: 241px) 100vw, 241px\" \/><p id=\"caption-attachment-134\" class=\"wp-caption-text\">Experta con La Ina<\/p><\/div>\n<div id=\"attachment_135\" style=\"width: 231px\" class=\"wp-caption alignnone\"><img aria-describedby=\"caption-attachment-135\" loading=\"lazy\" class=\"size-medium wp-image-135\" src=\"http:\/\/blogs.uml.edu\/cadiz-spain-2016\/wp-content\/uploads\/sites\/59\/2016\/08\/Cadiz9-221x300.jpeg\" alt=\"Intento con La Ina\" width=\"221\" height=\"300\" srcset=\"https:\/\/blogs.uml.edu\/cadiz-spain-2016\/wp-content\/uploads\/sites\/59\/2016\/08\/Cadiz9-221x300.jpeg 221w, https:\/\/blogs.uml.edu\/cadiz-spain-2016\/wp-content\/uploads\/sites\/59\/2016\/08\/Cadiz9.jpeg 750w\" sizes=\"(max-width: 221px) 100vw, 221px\" \/><p id=\"caption-attachment-135\" class=\"wp-caption-text\">Intento con La Ina<\/p><\/div>\n<div id=\"attachment_136\" style=\"width: 235px\" class=\"wp-caption alignnone\"><img aria-describedby=\"caption-attachment-136\" loading=\"lazy\" class=\"size-medium wp-image-136\" src=\"http:\/\/blogs.uml.edu\/cadiz-spain-2016\/wp-content\/uploads\/sites\/59\/2016\/08\/Cadiz10-e1470388528883-225x300.jpg\" alt=\"Patricia y Maria en el medio\" width=\"225\" height=\"300\" srcset=\"https:\/\/blogs.uml.edu\/cadiz-spain-2016\/wp-content\/uploads\/sites\/59\/2016\/08\/Cadiz10-e1470388528883-225x300.jpg 225w, https:\/\/blogs.uml.edu\/cadiz-spain-2016\/wp-content\/uploads\/sites\/59\/2016\/08\/Cadiz10-e1470388528883-768x1024.jpg 768w\" sizes=\"(max-width: 225px) 100vw, 225px\" \/><p id=\"caption-attachment-136\" class=\"wp-caption-text\">Patricia y Maria en el medio<\/p><\/div>\n<div id=\"attachment_137\" style=\"width: 310px\" class=\"wp-caption alignnone\"><img aria-describedby=\"caption-attachment-137\" loading=\"lazy\" class=\"size-medium wp-image-137\" src=\"http:\/\/blogs.uml.edu\/cadiz-spain-2016\/wp-content\/uploads\/sites\/59\/2016\/08\/Cadiz11-300x92.jpg\" alt=\"Una excursion (en El Puerto de Santa Maria)\" width=\"300\" height=\"92\" srcset=\"https:\/\/blogs.uml.edu\/cadiz-spain-2016\/wp-content\/uploads\/sites\/59\/2016\/08\/Cadiz11-300x92.jpg 300w, https:\/\/blogs.uml.edu\/cadiz-spain-2016\/wp-content\/uploads\/sites\/59\/2016\/08\/Cadiz11-768x236.jpg 768w, https:\/\/blogs.uml.edu\/cadiz-spain-2016\/wp-content\/uploads\/sites\/59\/2016\/08\/Cadiz11-1024x315.jpg 1024w, https:\/\/blogs.uml.edu\/cadiz-spain-2016\/wp-content\/uploads\/sites\/59\/2016\/08\/Cadiz11-500x154.jpg 500w\" sizes=\"(max-width: 300px) 100vw, 300px\" \/><p id=\"caption-attachment-137\" class=\"wp-caption-text\">Una excursion (en El Puerto de Santa Maria)<\/p><\/div>\n<p>&nbsp;<\/p>\n","protected":false},"excerpt":{"rendered":"<p>As my six weeks in C\u00e1diz are coming to a close today, I cannot be more grateful for the wonderful experience I have had. Each city that we have lived and traveled to Spain has come with its own beauty. &hellip; <a href=\"https:\/\/blogs.uml.edu\/cadiz-spain-2016\/2016\/08\/05\/beauty-within\/\">Continue reading <span class=\"meta-nav\">&rarr;<\/span><\/a><\/p>\n","protected":false},"author":420,"featured_media":0,"comment_status":"closed","ping_status":"open","sticky":false,"template":"","format":"standard","meta":[],"categories":[1],"tags":[],"_links":{"self":[{"href":"https:\/\/blogs.uml.edu\/cadiz-spain-2016\/wp-json\/wp\/v2\/posts\/132"}],"collection":[{"href":"https:\/\/blogs.uml.edu\/cadiz-spain-2016\/wp-json\/wp\/v2\/posts"}],"about":[{"href":"https:\/\/blogs.uml.edu\/cadiz-spain-2016\/wp-json\/wp\/v2\/types\/post"}],"author":[{"embeddable":true,"href":"https:\/\/blogs.uml.edu\/cadiz-spain-2016\/wp-json\/wp\/v2\/users\/420"}],"replies":[{"embeddable":true,"href":"https:\/\/blogs.uml.edu\/cadiz-spain-2016\/wp-json\/wp\/v2\/comments?post=132"}],"version-history":[{"count":1,"href":"https:\/\/blogs.uml.edu\/cadiz-spain-2016\/wp-json\/wp\/v2\/posts\/132\/revisions"}],"predecessor-version":[{"id":138,"href":"https:\/\/blogs.uml.edu\/cadiz-spain-2016\/wp-json\/wp\/v2\/posts\/132\/revisions\/138"}],"wp:attachment":[{"href":"https:\/\/blogs.uml.edu\/cadiz-spain-2016\/wp-json\/wp\/v2\/media?parent=132"}],"wp:term":[{"taxonomy":"category","embeddable":true,"href":"https:\/\/blogs.uml.edu\/cadiz-spain-2016\/wp-json\/wp\/v2\/categories?post=132"},{"taxonomy":"post_tag","embeddable":true,"href":"https:\/\/blogs.uml.edu\/cadiz-spain-2016\/wp-json\/wp\/v2\/tags?post=132"}],"curies":[{"name":"wp","href":"https:\/\/api.w.org\/{rel}","templated":true}]}}